{"id":7237,"date":"2019-07-24T19:47:39","date_gmt":"2019-07-24T16:47:39","guid":{"rendered":"https:\/\/www.bftpackaging.com\/?p=7237"},"modified":"2019-12-17T18:59:16","modified_gmt":"2019-12-17T15:59:16","slug":"kagit-canta-nasil-yapilir","status":"publish","type":"post","link":"https:\/\/www.bftpackaging.com\/tr\/kagit-canta-nasil-yapilir\/","title":{"rendered":"Ka\u011f\u0131t \u00c7anta Nas\u0131l Yap\u0131l\u0131r?"},"content":{"rendered":"\n<p>Ka\u011f\u0131t \u00e7antalar g\u00fcnl\u00fck hayat\u0131m\u0131zda al\u0131\u015fveri\u015f yaparken s\u0131k\u00e7a kulland\u0131\u011f\u0131m\u0131z bir \u00fcr\u00fcnd\u00fcr. Peki ka\u011f\u0131t \u00e7anta nas\u0131l yap\u0131l\u0131r? Ka\u011f\u0131t \u00e7anta nas\u0131l yap\u0131l\u0131r? hi\u00e7 merak ettiniz mi ? Cevab\u0131n\u0131z evet ise ka\u011f\u0131t \u00e7anta yap\u0131m\u0131n\u0131 s\u0131rayla anlataca\u011f\u0131z.<\/p>\n\n\n\n<h3 class=\"wp-block-heading\">Bask\u0131l\u0131 ka\u011f\u0131t \u00e7anta modelleri ve \u00e7e\u015fitleri<\/h3>\n\n\n\n<p>Bu videomuzda sizler i\u00e7in <strong><a href=\"https:\/\/www.bftpackaging.com\/tr\/baskili-kagit-canta\/\">bask\u0131 ka\u011f\u0131t<\/a><\/strong> modellerini g\u00f6steriyoruz.<\/p>\n\n\n\n<figure class=\"wp-block-embed-youtube wp-block-embed is-type-video is-provider-youtube wp-embed-aspect-16-9 wp-has-aspect-ratio\"><div class=\"wp-block-embed__wrapper\">\n<iframe loading=\"lazy\" title=\"Bask\u0131l\u0131 Ka\u011f\u0131t \u00c7anta \u00c7e\u015fitleri &amp; Modelleri - Bft Ambalaj #Ka\u011f\u0131t\u00c7anta\" width=\"1080\" height=\"608\" src=\"https:\/\/www.youtube.com\/embed\/nYLZpp9yprw?feature=oembed\" frameborder=\"0\" allow=\"accelerometer; autoplay; encrypted-media; gyroscope; picture-in-picture\" allowfullscreen><\/iframe>\n<\/div><\/figure>\n\n\n\n<h3 class=\"wp-block-heading\">Ka\u011f\u0131t \u00e7anta \u00fcretimi nas\u0131l yap\u0131l\u0131r?<\/h3>\n\n\n\n<p><strong>Ka\u011f\u0131t po\u015fet imalat\u0131 nas\u0131l yap\u0131l\u0131r <\/strong> videosunu izleyerek <strong><a href=\"https:\/\/www.bftpackaging.com\/tr\/kagit-canta\/\">ka\u011f\u0131t \u00e7anta<\/a><\/strong> hakk\u0131nda merak ettiklerinizi \u00f6\u011frenebilirsiniz.<\/p>\n\n\n\n<figure class=\"wp-block-embed-youtube wp-block-embed is-type-video is-provider-youtube wp-embed-aspect-16-9 wp-has-aspect-ratio\"><div class=\"wp-block-embed__wrapper\">\n<iframe loading=\"lazy\" title=\"Ka\u011f\u0131t \u00c7anta Makinesi \/ Bask\u0131l\u0131 Po\u015fet Makinesi - BFT Ambalaj #PaperBag\" width=\"1080\" height=\"608\" src=\"https:\/\/www.youtube.com\/embed\/2tIkM-DmQis?feature=oembed\" frameborder=\"0\" allow=\"accelerometer; autoplay; encrypted-media; gyroscope; picture-in-picture\" allowfullscreen><\/iframe>\n<\/div><\/figure>\n\n\n\n<h3 class=\"wp-block-heading\">Tasar\u0131m s\u00fcreci<\/h3>\n\n\n\n<p> <strong>Ka\u011f\u0131t \u00e7anta imalat\u0131 nas\u0131l yap\u0131l\u0131r<\/strong>  sorusunun ilk ve en \u00f6nemli s\u00fcreci ka\u011f\u0131t \u00e7antan\u0131n \u00fczerine eklenecek kurumsal logonuzun ve di\u011fer bilgilerin (adres, telefon, sosyal medya gibi ileti\u015fim bilgileri) nin bilgisaya ortam\u0131nda haz\u0131rlanmas\u0131d\u0131r. <\/p>\n\n\n\n<h3 class=\"wp-block-heading\">Bask\u0131 s\u00fcreci<\/h3>\n\n\n\n<p>Grafik tasar\u0131m s\u00fcreci bititikten sonra ofset bask\u0131 makinas\u0131nda makinan\u0131n renk kapasitesine g\u00f6re 4 renk yada 6 renk olarak bask\u0131 yap\u0131lmaktad\u0131r.<\/p>\n\n\n\n<p>4 renk ve 6 renk aras\u0131ndaki fark nedir?<\/p>\n\n\n\n<h3 class=\"wp-block-heading\">Selefon kaplama s\u00fcreci<\/h3>\n\n\n\n<p>E\u011fer ka\u011f\u0131t \u00e7antan\u0131z\u0131n parlak olmas\u0131n\u0131 istiyorsan\u0131z parlak selefon mat g\u00f6z\u00fckmesini istiyorsan\u0131z mat selefon kaplan\u0131r. Selefonun amac\u0131 \u00fcr\u00fcn\u00fcn daha az y\u0131pranmas\u0131n\u0131 ve y\u0131rt\u0131lmas\u0131n\u0131 zorla\u015ft\u0131rmas\u0131 i\u00e7in koruyu bir kaplamad\u0131r.<\/p>\n\n\n\n<h3 class=\"wp-block-heading\">Varak Yald\u0131z veya k\u0131smi lak&nbsp;<\/h3>\n\n\n\n<p>Bu kaplamada iste\u011fe ba\u011fl\u0131 olarak eklenir. \u0130stenilen renklerde varak makinas\u0131nda kaplama i\u015flemi yap\u0131l\u0131r. <\/p>\n\n\n\n<p>Varak,  bir filmden olu\u015fan ve \u00fczerindeki d\u00fcz renk ya da motifli (desenli) kaplaman\u0131n tutkal, \u0131s\u0131 ve bas\u0131n\u00e7 yard\u0131m\u0131yla kuma\u015f \u00fczerine aktar\u0131larak \u00e7e\u015fitli albenisi y\u00fcksek efektler al\u0131nmas\u0131n\u0131 sa\u011flayan bir \u00fcr\u00fcnd\u00fcr.<\/p>\n\n\n\n<p>Yine iste\u011fe ba\u011fl\u0131 olarak istenilen renkte varak makinas\u0131nda varak yald\u0131z yap\u0131l\u0131r. Yine po\u015fette baz\u0131 k\u0131s\u0131mlar\u0131na k\u0131smi lak uygulamas\u0131 yap\u0131l\u0131r.<\/p>\n\n\n\n<h3 class=\"wp-block-heading\">Kesim S\u00fcreci<\/h3>\n\n\n\n<p>Bask\u0131 i\u015fleminden sonra ka\u011f\u0131t \u00e7antalar\u0131n katlama yerlerini belirleme ki\u00e7in kesim i\u015flemine tabi tutulur. Bu s\u00fcre\u00e7te her ebat i\u00e7in farkl\u0131 b\u0131\u00e7ak kal\u0131plar\u0131 ile istenilen yine bilgisayar ortam\u0131nda belirlenen yerlerden \u00f6zel makinalar vas\u0131tas\u0131yla kesim i\u015flemi ger\u00e7ekle\u015ftirilir.<\/p>\n\n\n\n<h3 class=\"wp-block-heading\">Yap\u0131\u015ft\u0131rma<\/h3>\n\n\n\n<p>Ka\u011f\u0131t \u00e7anta imalat makinalar\u0131 ve bilgisayar ortam\u0131ndan farkl\u0131 olarak yap\u0131\u015ft\u0131rma i\u015flemi tamamen manuel olarak el yard\u0131m\u0131 ile yap\u0131l\u0131r. Buradaki en \u00f6nemli fakt\u00f6r ustalar\u0131n el i\u015f\u00e7ili\u011fi ile yap\u0131\u015ft\u0131rma i\u015flemi d\u00fczg\u00fcn yapmas\u0131d\u0131r. <\/p>\n\n\n\n<h3 class=\"wp-block-heading\">Kordon Takma<\/h3>\n\n\n\n<p>Ka\u011f\u0131t \u00e7antalar <strong><a href=\"https:\/\/www.bftpackaging.com\/tr\/flat-sapli-kagit-canta\/\">flat sapl\u0131<\/a><\/strong> , <strong><a href=\"https:\/\/www.bftpackaging.com\/tr\/bukum-sapli-kagit-canta\/\">b\u00fck\u00fcm sapl\u0131<\/a><\/strong> ve <strong><a href=\"https:\/\/www.bftpackaging.com\/tr\/dipli-poset-canta\/\">dipli ka\u011f\u0131t \u00e7anta <\/a><\/strong>olarak ayr\u0131lmaktad\u0131r. E\u011fer burgu sapl\u0131 ka\u011f\u0131t \u00e7anta imalat\u0131 yapt\u0131r\u0131yorsan\u0131z bu a\u015famada kordon diye tabir edilen tutma yerleri fabrika i\u015f\u00e7ileri taraf\u0131ndan tak\u0131lmaktad\u0131r.<\/p>\n","protected":false},"excerpt":{"rendered":"<p>Ka\u011f\u0131t \u00e7antalar g\u00fcnl\u00fck hayat\u0131m\u0131zda al\u0131\u015fveri\u015f yaparken s\u0131k\u00e7a kulland\u0131\u011f\u0131m\u0131z bir \u00fcr\u00fcnd\u00fcr. Peki ka\u011f\u0131t \u00e7anta nas\u0131l yap\u0131l\u0131r? Ka\u011f\u0131t \u00e7anta nas\u0131l yap\u0131l\u0131r? hi\u00e7 merak ettiniz mi ? Cevab\u0131n\u0131z&#8230;<\/p>\n","protected":false},"author":1,"featured_media":7240,"comment_status":"open","ping_status":"open","sticky":false,"template":"","format":"standard","meta":{"footnotes":""},"categories":[24],"tags":[1478],"class_list":{"0":"post-7237","1":"post","2":"type-post","3":"status-publish","4":"format-standard","5":"has-post-thumbnail","7":"category-blog","8":"tag-baskili-kagit-cantalar"},"_links":{"self":[{"href":"https:\/\/www.bftpackaging.com\/tr\/wp-json\/wp\/v2\/posts\/7237","targetHints":{"allow":["GET"]}}],"collection":[{"href":"https:\/\/www.bftpackaging.com\/tr\/wp-json\/wp\/v2\/posts"}],"about":[{"href":"https:\/\/www.bftpackaging.com\/tr\/wp-json\/wp\/v2\/types\/post"}],"author":[{"embeddable":true,"href":"https:\/\/www.bftpackaging.com\/tr\/wp-json\/wp\/v2\/users\/1"}],"replies":[{"embeddable":true,"href":"https:\/\/www.bftpackaging.com\/tr\/wp-json\/wp\/v2\/comments?post=7237"}],"version-history":[{"count":0,"href":"https:\/\/www.bftpackaging.com\/tr\/wp-json\/wp\/v2\/posts\/7237\/revisions"}],"wp:featuredmedia":[{"embeddable":true,"href":"https:\/\/www.bftpackaging.com\/tr\/wp-json\/wp\/v2\/media\/7240"}],"wp:attachment":[{"href":"https:\/\/www.bftpackaging.com\/tr\/wp-json\/wp\/v2\/media?parent=7237"}],"wp:term":[{"taxonomy":"category","embeddable":true,"href":"https:\/\/www.bftpackaging.com\/tr\/wp-json\/wp\/v2\/categories?post=7237"},{"taxonomy":"post_tag","embeddable":true,"href":"https:\/\/www.bftpackaging.com\/tr\/wp-json\/wp\/v2\/tags?post=7237"}],"curies":[{"name":"wp","href":"https:\/\/api.w.org\/{rel}","templated":true}]}}