{"id":8976,"date":"2020-01-01T00:25:56","date_gmt":"2019-12-31T21:25:56","guid":{"rendered":"https:\/\/www.bftpackaging.com\/?p=8976"},"modified":"2020-01-05T18:14:29","modified_gmt":"2020-01-05T15:14:29","slug":"baskili-kagit-canta-yaptirmak-istiyorum","status":"publish","type":"post","link":"https:\/\/www.bftpackaging.com\/tr\/baskili-kagit-canta-yaptirmak-istiyorum\/","title":{"rendered":"Bask\u0131l\u0131 Ka\u011f\u0131t \u00c7anta Yapt\u0131rmak \u0130stiyorum"},"content":{"rendered":"[vc_row type=&#8221;in_container&#8221; full_screen_row_position=&#8221;middle&#8221; column_margin=&#8221;default&#8221; scene_position=&#8221;center&#8221; text_color=&#8221;dark&#8221; text_align=&#8221;left&#8221; overlay_strength=&#8221;0.3&#8243; shape_divider_position=&#8221;bottom&#8221; bg_image_animation=&#8221;none&#8221;][vc_column column_padding=&#8221;no-extra-padding&#8221; column_padding_position=&#8221;all&#8221; background_color_opacity=&#8221;1&#8243; background_hover_color_opacity=&#8221;1&#8243; column_link_target=&#8221;_self&#8221; column_shadow=&#8221;none&#8221; column_border_radius=&#8221;none&#8221; width=&#8221;1\/1&#8243; tablet_width_inherit=&#8221;default&#8221; tablet_text_alignment=&#8221;default&#8221; phone_text_alignment=&#8221;default&#8221; overlay_strength=&#8221;0.3&#8243; column_border_width=&#8221;none&#8221; column_border_style=&#8221;solid&#8221; bg_image_animation=&#8221;none&#8221;][vc_column_text]\r\n<h2>Bask\u0131l\u0131 Ka\u011f\u0131t \u00c7anta<\/h2>\r\n<p>Merhaba arkada\u015flar, bu yaz\u0131m\u0131zda kurumsal kimli\u011fin \u00f6nemli bir par\u00e7as\u0131 <strong><a href=\"https:\/\/www.bftpackaging.com\/tr\/baskili-kagit-canta\/\">bask\u0131l\u0131 ka\u011f\u0131t \u00e7antalar<\/a><\/strong> hakk\u0131nda bir \u015feyler yazmak istiyoruz.<\/p>\r\n\r\n<p>Hepimiz firmam\u0131z i\u00e7in b\u00fcy\u00fck yada k\u00fc\u00e7\u00fck yat\u0131r\u0131m yapmak isteriz. Peki kurumsal kimli\u011fimiz nedir? Bir restoransan iseniz bu sizin i\u00e7in pe\u00e7ete, mendil, amerikan servis ka\u011f\u0131d\u0131d\u0131r.<\/p>\r\n\r\n<p>Peki ya ma\u011faza iseniz? O zaman akla gelen ilk se\u00e7enek <a href=\"https:\/\/www.bftpackaging.com\/tr\/baskili-kagit-canta\/\"><strong>bask\u0131l\u0131 ka\u011f\u0131t \u00e7anta<\/strong><\/a> oluyor. Beymen&#8217;i beymen yapan en g\u00fczel detaylardan biriside al\u0131\u015fveri\u015flerinde kulland\u0131\u011f\u0131 estetik ve sade ka\u011f\u0131t \u00e7antalard\u0131r.<\/p>\r\n\r\n<p>E\u011fer bir ma\u011faza i\u015fletmecisi iseniz \u00fcr\u00fcnlerinizi naylon po\u015fete koymaktansa \u00fczerinde firman\u0131z\u0131n logosu, adresi, telefonu hatta facebook ve instagram adreslerinizin bulundu\u011fu bir ka\u011f\u0131t \u00e7anta firman\u0131za de\u011fer katacakt\u0131r.<\/p>\r\n<p>\u00a0<\/p>\r\n<p>\u00a0<\/p>\r\n[\/vc_column_text][\/vc_column][\/vc_row][vc_row type=&#8221;in_container&#8221; full_screen_row_position=&#8221;middle&#8221; column_margin=&#8221;default&#8221; scene_position=&#8221;center&#8221; text_color=&#8221;dark&#8221; text_align=&#8221;left&#8221; overlay_strength=&#8221;0.3&#8243; shape_divider_position=&#8221;bottom&#8221; bg_image_animation=&#8221;none&#8221;][vc_column column_padding=&#8221;no-extra-padding&#8221; column_padding_position=&#8221;all&#8221; background_color_opacity=&#8221;1&#8243; background_hover_color_opacity=&#8221;1&#8243; column_link_target=&#8221;_self&#8221; column_shadow=&#8221;none&#8221; column_border_radius=&#8221;none&#8221; width=&#8221;1\/1&#8243; tablet_width_inherit=&#8221;default&#8221; tablet_text_alignment=&#8221;default&#8221; phone_text_alignment=&#8221;default&#8221; overlay_strength=&#8221;0.3&#8243; column_border_width=&#8221;none&#8221; column_border_style=&#8221;solid&#8221; bg_image_animation=&#8221;none&#8221;][vc_custom_heading text=&#8221;Bask\u0131l\u0131 Ka\u011f\u0131t \u00c7anta Modelleri&#8221; use_theme_fonts=&#8221;yes&#8221;][nectar_woo_products product_type=&#8221;all&#8221; category=&#8221;baskili-kagit-canta&#8221; columns=&#8221;3&#8243; orderby=&#8221;date&#8221; order=&#8221;DESC&#8221; carousel=&#8221;1&#8243; script=&#8221;carouFredSel&#8221;][\/vc_column][\/vc_row][vc_row type=&#8221;in_container&#8221; full_screen_row_position=&#8221;middle&#8221; column_margin=&#8221;default&#8221; scene_position=&#8221;center&#8221; text_color=&#8221;dark&#8221; text_align=&#8221;left&#8221; overlay_strength=&#8221;0.3&#8243; shape_divider_position=&#8221;bottom&#8221; bg_image_animation=&#8221;none&#8221;][vc_column column_padding=&#8221;no-extra-padding&#8221; column_padding_position=&#8221;all&#8221; background_color_opacity=&#8221;1&#8243; background_hover_color_opacity=&#8221;1&#8243; column_link_target=&#8221;_self&#8221; column_shadow=&#8221;none&#8221; column_border_radius=&#8221;none&#8221; width=&#8221;1\/1&#8243; tablet_width_inherit=&#8221;default&#8221; tablet_text_alignment=&#8221;default&#8221; phone_text_alignment=&#8221;default&#8221; overlay_strength=&#8221;0.3&#8243; column_border_width=&#8221;none&#8221; column_border_style=&#8221;solid&#8221; bg_image_animation=&#8221;none&#8221;][vc_column_text]\r\n<h3 class=\"wp-block-heading\">Ka\u011f\u0131t \u00e7anta \u00fcreticilerine nas\u0131l ula\u015faca\u011f\u0131m?<\/h3>\r\n\r\n<p>Bunun i\u00e7in bir ka\u00e7 t\u00fcyo verece\u011fim. Fakat \u00f6nce bilmeniz gereken bir ka\u00e7 t\u00fcyo verece\u011fiz.. Ka\u011f\u0131t \u00e7anta \u00fcr\u00fcnleri maalesef her yerde sat\u0131lm\u0131yor ve ne yaz\u0131k ki 3-5 adet sipari\u015f veremiyorsunuz.<\/p>\r\n\r\n<p>Orta \u00f6l\u00e7ekli yada daha b\u00fcy\u00fck bir firma iseniz ka\u011f\u0131t \u00e7anta \u00fcreticileri ile temasa ge\u00e7ip ka\u00e7 bin adet sipari\u015f verece\u011finizi daha sonra logolu-logosuz olup olmamas\u0131na karar veriyorsunuz.<\/p>\r\n\r\n<p>\u0130\u015fler bununla da bitmiyor kullan\u0131lacak ebat\u0131n boyu logunun yerle\u015fimi, paketlenmesi derken bir y\u0131\u011f\u0131n i\u015f sizi bekliyor.<\/p>\r\n\r\n<p>&nbsp;<\/p>\r\n\r\n<h3 class=\"wp-block-heading\">Bask\u0131l\u0131 ka\u011f\u0131t \u00e7anta yapt\u0131rmak bu kadar zor mu?<\/h3>\r\n\r\n<p>Bu a\u015famalar\u0131 yukar\u0131daki gibi tersten giderseniz biraz zor. Fakat BFT Ambalaj olarak sizi t\u00fcm bu zahmetten ve u\u011fra\u015ftan kurtar\u0131p anahtar teslim adresinize arzu etti\u011finiz \u015fekilde size g\u00f6nderiyoruz.<\/p>\r\n\r\n<p>&nbsp;<\/p>\r\n\r\n<h3 class=\"wp-block-heading\">Neden Bft Ambalaj ile \u00e7al\u0131\u015fmal\u0131s\u0131n\u0131z?<\/h3>\r\n\r\n<p>Ka\u011f\u0131t \u00e7antan\u0131n g\u00f6rsel onay\u0131ndan \u00fcretim a\u015famas\u0131na kadar hemen her i\u015fi sizin i\u00e7in takip ediyoruz. \u015eunun alt\u0131n\u0131 \u00e7izmek istiyoruz. Hi\u00e7bir ka\u011f\u0131t \u00fcreticisi bu i\u015flere vakit ay\u0131r\u0131p sizin istekleriniz ile u\u011fra\u015fmaz ne yaz\u0131k ki. Bu i\u015fleri yapan firmalar genelde otomatik bir sistemle \u00e7al\u0131\u015f\u0131r. O y\u00fczden e\u011fer bask\u0131l\u0131 ka\u011f\u0131t yapt\u0131rmak istiyorsan\u0131z bize \u015fans verebilirsiniz.<\/p>\r\n\r\n<p>&nbsp;<\/p>\r\n\r\n<p>&nbsp;<\/p>\r\n\r\n<h4 class=\"wp-block-heading\">G\u00f6rsel \u00c7al\u0131\u015fma Onay\u0131<\/h4>\r\n\r\n<p>G\u00f6ndermi\u015f oldu\u011funuz logonuz ve ebatlar \u0131\u015f\u0131\u011f\u0131nda onay\u0131n\u0131za sunmak \u00fczere dijital \u00e7al\u0131\u015fmay\u0131 g\u00f6ndeririz.<\/p>\r\n\r\n<p>&nbsp;<\/p>\r\n\r\n<h4 class=\"wp-block-heading\">\u00dcretim<\/h4>\r\n\r\n<p>G\u00f6rsel \u00e7al\u0131\u015fmaya onay\u0131n\u0131zla birlikte size \u00fcretim s\u00fcresini bildirir ve sizden uygunlu\u011funu al\u0131r\u0131z.<\/p>\r\n\r\n<p>&nbsp;<\/p>\r\n\r\n<h4 class=\"wp-block-heading\">Sevkiyat<\/h4>\r\n\r\n<p>\u00dcretim bittikten sonra bitmi\u015f \u00fcr\u00fcn\u00fcn resmini ve sevkiyat i\u00e7in gerekli olan koli\/adet bilgilerini payla\u015f\u0131r\u0131z.<\/p>\r\n[\/vc_column_text][\/vc_column][\/vc_row]","protected":false},"excerpt":{"rendered":"<p>[vc_row type=&#8221;in_container&#8221; full_screen_row_position=&#8221;middle&#8221; column_margin=&#8221;default&#8221; scene_position=&#8221;center&#8221; text_color=&#8221;dark&#8221; text_align=&#8221;left&#8221; overlay_strength=&#8221;0.3&#8243; shape_divider_position=&#8221;bottom&#8221; bg_image_animation=&#8221;none&#8221;][vc_column column_padding=&#8221;no-extra-padding&#8221; column_padding_position=&#8221;all&#8221; background_color_opacity=&#8221;1&#8243; background_hover_color_opacity=&#8221;1&#8243; column_link_target=&#8221;_self&#8221; column_shadow=&#8221;none&#8221; column_border_radius=&#8221;none&#8221; width=&#8221;1\/1&#8243; tablet_width_inherit=&#8221;default&#8221; tablet_text_alignment=&#8221;default&#8221; phone_text_alignment=&#8221;default&#8221; overlay_strength=&#8221;0.3&#8243; column_border_width=&#8221;none&#8221; column_border_style=&#8221;solid&#8221; bg_image_animation=&#8221;none&#8221;][vc_column_text]&#8230;<\/p>\n","protected":false},"author":1,"featured_media":8986,"comment_status":"open","ping_status":"open","sticky":false,"template":"","format":"standard","meta":{"footnotes":""},"categories":[24],"tags":[1490],"class_list":{"0":"post-8976","1":"post","2":"type-post","3":"status-publish","4":"format-standard","5":"has-post-thumbnail","7":"category-blog","8":"tag-baskili-kagit-canta"},"_links":{"self":[{"href":"https:\/\/www.bftpackaging.com\/tr\/wp-json\/wp\/v2\/posts\/8976","targetHints":{"allow":["GET"]}}],"collection":[{"href":"https:\/\/www.bftpackaging.com\/tr\/wp-json\/wp\/v2\/posts"}],"about":[{"href":"https:\/\/www.bftpackaging.com\/tr\/wp-json\/wp\/v2\/types\/post"}],"author":[{"embeddable":true,"href":"https:\/\/www.bftpackaging.com\/tr\/wp-json\/wp\/v2\/users\/1"}],"replies":[{"embeddable":true,"href":"https:\/\/www.bftpackaging.com\/tr\/wp-json\/wp\/v2\/comments?post=8976"}],"version-history":[{"count":0,"href":"https:\/\/www.bftpackaging.com\/tr\/wp-json\/wp\/v2\/posts\/8976\/revisions"}],"wp:featuredmedia":[{"embeddable":true,"href":"https:\/\/www.bftpackaging.com\/tr\/wp-json\/wp\/v2\/media\/8986"}],"wp:attachment":[{"href":"https:\/\/www.bftpackaging.com\/tr\/wp-json\/wp\/v2\/media?parent=8976"}],"wp:term":[{"taxonomy":"category","embeddable":true,"href":"https:\/\/www.bftpackaging.com\/tr\/wp-json\/wp\/v2\/categories?post=8976"},{"taxonomy":"post_tag","embeddable":true,"href":"https:\/\/www.bftpackaging.com\/tr\/wp-json\/wp\/v2\/tags?post=8976"}],"curies":[{"name":"wp","href":"https:\/\/api.w.org\/{rel}","templated":true}]}}